{"id":3165,"date":"2021-05-07T10:15:09","date_gmt":"2021-05-07T08:15:09","guid":{"rendered":"https:\/\/zabari.org.rs\/dokumenti\/?p=3165"},"modified":"2021-05-07T14:20:02","modified_gmt":"2021-05-07T12:20:02","slug":"gradjevinski-radovi-na-rekonstrukciji-objekta-centra-za-socijalni-rad-u-zabarima","status":"publish","type":"post","link":"https:\/\/zabari.org.rs\/dokumenti\/javne-nabavke\/gradjevinski-radovi-na-rekonstrukciji-objekta-centra-za-socijalni-rad-u-zabarima\/","title":{"rendered":"\u0408\u0430\u0432\u043d\u0438 \u043f\u043e\u0437\u0438\u0432&#8211; \u0413\u0440\u0430\u0452\u0435\u0432\u0438\u043d\u0441\u043a\u0438 \u0440\u0430\u0434\u043e\u0432\u0438 \u043d\u0430 \u0440\u0435\u043a\u043e\u043d\u0441\u0442\u0440\u0443\u043a\u0446\u0438\u0458\u0438 \u043e\u0431\u0458\u0435\u043a\u0442\u0430 \u0426\u0435\u043d\u0442\u0440\u0430 \u0437\u0430 \u0441\u043e\u0446\u0438\u0458\u0430\u043b\u043d\u0438 \u0440\u0430\u0434 \u0443 \u0416\u0430\u0431\u0430\u0440\u0438\u043c\u0430."},"content":{"rendered":"<p>07.5.2021 <a href=\"https:\/\/zabari.org.rs\/dokumenti\/wp-content\/uploads\/sites\/2\/2021\/04\/Obavestenje-o-podnetom-zahtevu-za-zastitu-prava.pdf\">Obave\u0161tenje o podnetom zahtevu za za\u0161titu prava<\/a><\/p>\n<p>26-4-2021 <a href=\"https:\/\/zabari.org.rs\/dokumenti\/wp-content\/uploads\/sites\/2\/2021\/03\/Odluka-o-dodeli-ugovora.docx\">Odluka o dodeli ugovora<\/a><\/p>\n<p>12-3-2021 <a href=\"https:\/\/zabari.org.rs\/dokumenti\/wp-content\/uploads\/sites\/2\/2021\/03\/Javni-poziv-precisceni-tekst.pdf\">Javni poziv &#8211; pre\u010di\u0161\u0107eni tekst<\/a><\/p>\n<p>03-03-2021<a href=\"https:\/\/zabari.org.rs\/dokumenti\/wp-content\/uploads\/sites\/2\/2021\/02\/Javni-poziv-precisceni-tekst-Centar-za-socijalni-rad-Zabari.pdf\">Javni poziv &#8211; pre\u010di\u0161\u0107eni tekst Centar za socijalni rad \u017dabari<\/a><\/p>\n<p>26-2-2021 <a href=\"https:\/\/zabari.org.rs\/dokumenti\/wp-content\/uploads\/sites\/2\/2021\/02\/Javni-poziv-precisceni-tekst-26.02.2021..pdf\">Javni poziv &#8211; pre\u010di\u0161\u0107eni tekst 26.02.2021.<\/a><\/p>\n<p>22-2-2021 <a href=\"https:\/\/zabari.org.rs\/dokumenti\/wp-content\/uploads\/sites\/2\/2021\/02\/Ispravka-obavestenje-o-izmenama-ili-dodatnim-informacijama.pdf\">Ispravka &#8211; obave\u0161tenje o izmenama ili dodatnim informacijama<\/a><\/p>\n<p><a href=\"https:\/\/zabari.org.rs\/dokumenti\/wp-content\/uploads\/sites\/2\/2021\/02\/Javni-poziv-Gradjevinski-radovi-na-rekonstrukciji-objekta-Centra-za-socijalni-rad-u-Zabarima..pdf\">12-02-2021\u00a0 Javni poziv &#8211; \u0413\u0440\u0430\u0452\u0435\u0432\u0438\u043d\u0441\u043a\u0438 \u0440\u0430\u0434\u043e\u0432\u0438 \u043d\u0430 \u0440\u0435\u043a\u043e\u043d\u0441\u0442\u0440\u0443\u043a\u0446\u0438\u0458\u0438 \u043e\u0431\u0458\u0435\u043a\u0442\u0430 \u0426\u0435\u043d\u0442\u0440\u0430 \u0437\u0430 \u0441\u043e\u0446\u0438\u0458\u0430\u043b\u043d\u0438 \u0440\u0430\u0434 \u0443 \u0416\u0430\u0431\u0430\u0440\u0438\u043c\u0430.<\/a><\/p>\n\n<!-- Generated using Document Gallery. Get yours here: http:\/\/wordpress.org\/extend\/plugins\/document-gallery -->\n<div id=\"document-gallery-1\" class=\"document-gallery\" data-shortcode='{\"id\":3165,\"include\":\"3279,3212,3205,3190,3166,3276\",\"exclude\":\"\",\"attachment_pg\":false,\"columns\":1,\"descriptions\":false,\"fancy\":false,\"limit\":-1,\"mime_types\":\"application,video,text,audio,image\",\"new_window\":false,\"order\":\"ASC\",\"orderby\":\"post__in\",\"paginate\":true,\"post_status\":\"any\",\"post_type\":\"attachment\",\"relation\":\"AND\",\"skip\":0}' style='--dg-icon-width: 99%'>\n<div class='document-icon-row'>\n   <div class=\"document-icon\">\n      <a href=\"https:\/\/zabari.org.rs\/dokumenti\/wp-content\/uploads\/sites\/2\/2021\/04\/Obavestenje-o-podnetom-zahtevu-za-zastitu-prava.pdf\" target=\"_self\">\n         <img decoding=\"async\" src=\"https:\/\/zabari.org.rs\/dokumenti\/wp-content\/uploads\/sites\/2\/2021\/04\/Obavestenje-o-podnetom-zahtevu-za-zastitu-prava-pdf.jpg\" title=\"Obave\u0161tenje o podnetom zahtevu za za\u0161titu prava\" alt=\"Obave\u0161tenje o podnetom zahtevu za za\u0161titu prava\" data-ext=\"pdf\"\/>\n         <span class=\"title\">Obave\u0161tenje o podnetom zahtevu za za\u0161titu prava<\/span>\n      <\/a>\n   <\/div>\n\n<\/div>\n<div class='document-icon-row'>\n   <div class=\"document-icon\">\n      <a href=\"https:\/\/zabari.org.rs\/dokumenti\/wp-content\/uploads\/sites\/2\/2021\/02\/Javni-poziv-precisceni-tekst-Centar-za-socijalni-rad-Zabari.pdf\" target=\"_self\">\n         <img decoding=\"async\" src=\"https:\/\/zabari.org.rs\/dokumenti\/wp-content\/uploads\/sites\/2\/2021\/02\/Javni-poziv-precisceni-tekst-Centar-za-socijalni-rad-Zabari-pdf.jpg\" title=\"Javni poziv &#8211; pre\u010di\u0161\u0107eni tekst Centar za socijalni rad \u017dabari\" alt=\"Javni poziv &#8211; pre\u010di\u0161\u0107eni tekst Centar za socijalni rad \u017dabari\" data-ext=\"pdf\"\/>\n         <span class=\"title\">Javni poziv &#8211; pre\u010di\u0161\u0107eni tekst Centar za socijalni rad \u017dabari<\/span>\n      <\/a>\n   <\/div>\n\n<\/div>\n<div class='document-icon-row'>\n   <div class=\"document-icon\">\n      <a href=\"https:\/\/zabari.org.rs\/dokumenti\/wp-content\/uploads\/sites\/2\/2021\/02\/Javni-poziv-precisceni-tekst-26.02.2021..pdf\" target=\"_self\">\n         <img decoding=\"async\" src=\"https:\/\/zabari.org.rs\/dokumenti\/wp-content\/uploads\/sites\/2\/2021\/02\/Javni-poziv-precisceni-tekst-26.02.2021.-pdf.jpg\" title=\"Javni poziv &#8211; pre\u010di\u0161\u0107eni tekst 26.02.2021.\" alt=\"Javni poziv &#8211; pre\u010di\u0161\u0107eni tekst 26.02.2021.\" data-ext=\"pdf\"\/>\n         <span class=\"title\">Javni poziv &#8211; pre\u010di\u0161\u0107eni tekst 26.02.2021.<\/span>\n      <\/a>\n   <\/div>\n\n<\/div>\n<div class='document-icon-row'>\n   <div class=\"document-icon\">\n      <a href=\"https:\/\/zabari.org.rs\/dokumenti\/wp-content\/uploads\/sites\/2\/2021\/02\/Ispravka-obavestenje-o-izmenama-ili-dodatnim-informacijama.pdf\" target=\"_self\">\n         <img decoding=\"async\" src=\"https:\/\/zabari.org.rs\/dokumenti\/wp-content\/uploads\/sites\/2\/2021\/02\/Ispravka-obavestenje-o-izmenama-ili-dodatnim-informacijama-pdf.jpg\" title=\"\u0418\u0441\u043f\u0440\u0430\u0432\u043a\u0430 \u043e\u0431\u0430\u0432\u0435\u0448\u0442\u0435\u045a\u0435 \u043e \u0434\u043e\u0434\u0430\u0442\u043d\u0438\u043c \u0438\u043d\u0444\u043e\u0440\u043c\u0430\u0446\u0438\u0458\u0430\u043c\u0430\" alt=\"\u0418\u0441\u043f\u0440\u0430\u0432\u043a\u0430 \u043e\u0431\u0430\u0432\u0435\u0448\u0442\u0435\u045a\u0435 \u043e \u0434\u043e\u0434\u0430\u0442\u043d\u0438\u043c \u0438\u043d\u0444\u043e\u0440\u043c\u0430\u0446\u0438\u0458\u0430\u043c\u0430\" data-ext=\"pdf\"\/>\n         <span class=\"title\">\u0418\u0441\u043f\u0440\u0430\u0432\u043a\u0430 \u043e\u0431\u0430\u0432\u0435\u0448\u0442\u0435\u045a\u0435 \u043e \u0434\u043e\u0434\u0430\u0442\u043d\u0438\u043c \u0438\u043d\u0444\u043e\u0440\u043c\u0430\u0446\u0438\u0458\u0430\u043c\u0430<\/span>\n      <\/a>\n   <\/div>\n\n<\/div>\n<div class='document-icon-row'>\n   <div class=\"document-icon\">\n      <a href=\"https:\/\/zabari.org.rs\/dokumenti\/wp-content\/uploads\/sites\/2\/2021\/02\/Javni-poziv-Gradjevinski-radovi-na-rekonstrukciji-objekta-Centra-za-socijalni-rad-u-Zabarima..pdf\" target=\"_self\">\n         <img decoding=\"async\" src=\"https:\/\/zabari.org.rs\/dokumenti\/wp-content\/uploads\/sites\/2\/2021\/02\/Javni-poziv-Gradjevinski-radovi-na-rekonstrukciji-objekta-Centra-za-socijalni-rad-u-Zabarima.-pdf.jpg\" title=\"Javni poziv &#8211; \u0413\u0440\u0430\u0452\u0435\u0432\u0438\u043d\u0441\u043a\u0438 \u0440\u0430\u0434\u043e\u0432\u0438 \u043d\u0430 \u0440\u0435\u043a\u043e\u043d\u0441\u0442\u0440\u0443\u043a\u0446\u0438\u0458\u0438 \u043e\u0431\u0458\u0435\u043a\u0442\u0430 \u0426\u0435\u043d\u0442\u0440\u0430 \u0437\u0430 \u0441\u043e\u0446\u0438\u0458\u0430\u043b\u043d\u0438 \u0440\u0430\u0434 \u0443 \u0416\u0430\u0431\u0430\u0440\u0438\u043c\u0430.\" alt=\"Javni poziv &#8211; \u0413\u0440\u0430\u0452\u0435\u0432\u0438\u043d\u0441\u043a\u0438 \u0440\u0430\u0434\u043e\u0432\u0438 \u043d\u0430 \u0440\u0435\u043a\u043e\u043d\u0441\u0442\u0440\u0443\u043a\u0446\u0438\u0458\u0438 \u043e\u0431\u0458\u0435\u043a\u0442\u0430 \u0426\u0435\u043d\u0442\u0440\u0430 \u0437\u0430 \u0441\u043e\u0446\u0438\u0458\u0430\u043b\u043d\u0438 \u0440\u0430\u0434 \u0443 \u0416\u0430\u0431\u0430\u0440\u0438\u043c\u0430.\" data-ext=\"pdf\"\/>\n         <span class=\"title\">Javni poziv &#8211; \u0413\u0440\u0430\u0452\u0435\u0432\u0438\u043d\u0441\u043a\u0438 \u0440\u0430\u0434\u043e\u0432\u0438 \u043d\u0430 \u0440\u0435\u043a\u043e\u043d\u0441\u0442\u0440\u0443\u043a\u0446\u0438\u0458\u0438 \u043e\u0431\u0458\u0435\u043a\u0442\u0430 \u0426\u0435\u043d\u0442\u0440\u0430 \u0437\u0430 \u0441\u043e\u0446\u0438\u0458\u0430\u043b\u043d\u0438 \u0440\u0430\u0434 \u0443 \u0416\u0430\u0431\u0430\u0440\u0438\u043c\u0430.<\/span>\n      <\/a>\n   <\/div>\n\n<\/div>\n<div class='document-icon-row'>\n   <div class=\"document-icon\">\n      <a href=\"https:\/\/zabari.org.rs\/dokumenti\/wp-content\/uploads\/sites\/2\/2021\/03\/Odluka-o-dodeli-ugovora.docx\" target=\"_self\">\n         <img decoding=\"async\" src=\"https:\/\/zabari.org.rs\/dokumenti\/wp-content\/plugins\/document-gallery\/src\/assets\/icons\/msdoc.png\" title=\"Odluka o dodeli ugovora\" alt=\"Odluka o dodeli ugovora\" data-ext=\"docx\"\/>\n         <span class=\"title\">Odluka o dodeli ugovora<\/span>\n      <\/a>\n   <\/div>\n\n<\/div>\n<\/div>\n<p>&nbsp;<\/p>\n<p>&nbsp;<\/p>\n","protected":false},"excerpt":{"rendered":"<p>07.5.2021 Obave\u0161tenje o podnetom zahtevu za za\u0161titu prava 26-4-2021 Odluka o dodeli ugovora 12-3-2021 Javni poziv &#8211; pre\u010di\u0161\u0107eni tekst 03-03-2021Javni poziv &#8211; pre\u010di\u0161\u0107eni tekst Centar za socijalni rad \u017dabari 26-2-2021 Javni poziv &#8211; pre\u010di\u0161\u0107eni tekst 26.02.2021. 22-2-2021 Ispravka &#8211; obave\u0161tenje o izmenama ili dodatnim informacijama&#8230;<\/p>\n<div class=\"easywp-readmore\"><a class=\"read-more-link\" href=\"https:\/\/zabari.org.rs\/dokumenti\/javne-nabavke\/gradjevinski-radovi-na-rekonstrukciji-objekta-centra-za-socijalni-rad-u-zabarima\/\">\u041e\u043f\u0448\u0438\u0440\u043d\u0438\u0458\u0435<span class=\"screen-reader-text\">  \u0408\u0430\u0432\u043d\u0438 \u043f\u043e\u0437\u0438\u0432&#8211; \u0413\u0440\u0430\u0452\u0435\u0432\u0438\u043d\u0441\u043a\u0438 \u0440\u0430\u0434\u043e\u0432\u0438 \u043d\u0430 \u0440\u0435\u043a\u043e\u043d\u0441\u0442\u0440\u0443\u043a\u0446\u0438\u0458\u0438 \u043e\u0431\u0458\u0435\u043a\u0442\u0430 \u0426\u0435\u043d\u0442\u0440\u0430 \u0437\u0430 \u0441\u043e\u0446\u0438\u0458\u0430\u043b\u043d\u0438 \u0440\u0430\u0434 \u0443 \u0416\u0430\u0431\u0430\u0440\u0438\u043c\u0430.<\/span><\/a><\/div>\n","protected":false},"author":1,"featured_media":858,"comment_status":"closed","ping_status":"open","sticky":false,"template":"","format":"standard","meta":{"slim_seo":{"title":"\u0408\u0430\u0432\u043d\u0438 \u043f\u043e\u0437\u0438\u0432-- \u0413\u0440\u0430\u0452\u0435\u0432\u0438\u043d\u0441\u043a\u0438 \u0440\u0430\u0434\u043e\u0432\u0438 \u043d\u0430 \u0440\u0435\u043a\u043e\u043d\u0441\u0442\u0440\u0443\u043a\u0446\u0438\u0458\u0438 \u043e\u0431\u0458\u0435\u043a\u0442\u0430 \u0426\u0435\u043d\u0442\u0440\u0430 \u0437\u0430 \u0441\u043e\u0446\u0438\u0458\u0430\u043b\u043d\u0438 \u0440\u0430\u0434 \u0443 \u0416\u0430\u0431\u0430\u0440\u0438\u043c\u0430. - \u041e\u0431\u0440\u0430\u0441\u0446\u0438 \u0438 \u0434\u043e\u043a\u0443\u043c\u0435\u043d\u0442\u0438 \u043e\u043f\u0448\u0442\u0438\u043d\u0435 \u0416\u0430\u0431\u0430\u0440\u0438","description":"07.5.2021 Obave\u0161tenje o podnetom zahtevu za za\u0161titu prava 26-4-2021 Odluka o dodeli ugovora 12-3-2021 Javni poziv - pre\u010di\u0161\u0107eni tekst 03-03-2021 Javni poziv - pr"},"_slim_seo_primary_term_category":0,"_slim_seo_primary_term_post_tag":0,"footnotes":""},"categories":[7,22],"tags":[],"class_list":["post-3165","post","type-post","status-publish","format-standard","has-post-thumbnail","hentry","category-javne-nabavke","category-opstinska-uprava-javne-nabavke","wpcat-7-id","wpcat-22-id"],"_links":{"self":[{"href":"https:\/\/zabari.org.rs\/dokumenti\/wp-json\/wp\/v2\/posts\/3165","targetHints":{"allow":["GET"]}}],"collection":[{"href":"https:\/\/zabari.org.rs\/dokumenti\/wp-json\/wp\/v2\/posts"}],"about":[{"href":"https:\/\/zabari.org.rs\/dokumenti\/wp-json\/wp\/v2\/types\/post"}],"author":[{"embeddable":true,"href":"https:\/\/zabari.org.rs\/dokumenti\/wp-json\/wp\/v2\/users\/1"}],"replies":[{"embeddable":true,"href":"https:\/\/zabari.org.rs\/dokumenti\/wp-json\/wp\/v2\/comments?post=3165"}],"version-history":[{"count":13,"href":"https:\/\/zabari.org.rs\/dokumenti\/wp-json\/wp\/v2\/posts\/3165\/revisions"}],"predecessor-version":[{"id":3280,"href":"https:\/\/zabari.org.rs\/dokumenti\/wp-json\/wp\/v2\/posts\/3165\/revisions\/3280"}],"wp:featuredmedia":[{"embeddable":true,"href":"https:\/\/zabari.org.rs\/dokumenti\/wp-json\/wp\/v2\/media\/858"}],"wp:attachment":[{"href":"https:\/\/zabari.org.rs\/dokumenti\/wp-json\/wp\/v2\/media?parent=3165"}],"wp:term":[{"taxonomy":"category","embeddable":true,"href":"https:\/\/zabari.org.rs\/dokumenti\/wp-json\/wp\/v2\/categories?post=3165"},{"taxonomy":"post_tag","embeddable":true,"href":"https:\/\/zabari.org.rs\/dokumenti\/wp-json\/wp\/v2\/tags?post=3165"}],"curies":[{"name":"wp","href":"https:\/\/api.w.org\/{rel}","templated":true}]}}